{"id":837,"date":"2026-02-10T14:49:43","date_gmt":"2026-02-10T13:49:43","guid":{"rendered":"https:\/\/grawmetropolie.polsl.pl\/?p=837"},"modified":"2026-02-12T14:54:18","modified_gmt":"2026-02-12T13:54:18","slug":"popularyzacja-nauki-i-inspiracja-mlodych-talentow-xii-final-dni-gliwickich-mlodych-naukowcow","status":"publish","type":"post","link":"https:\/\/grawmetropolie.polsl.pl\/index.php\/popularyzacja-nauki-i-inspiracja-mlodych-talentow-xii-final-dni-gliwickich-mlodych-naukowcow\/","title":{"rendered":"Popularyzacja nauki i inspiracja m\u0142odych talent\u00f3w \u2013 XII Fina\u0142 Dni Gliwickich M\u0142odych Naukowc\u00f3w"},"content":{"rendered":"\n<p>Za nami <strong>XII Fina\u0142 Dni Gliwickich M\u0142odych Naukowc\u00f3w<\/strong>, kt\u00f3ry odby\u0142 si\u0119 w murach Politechniki \u015al\u0105skiej. Dla naszego ko\u0142a naukowego by\u0142 to czas intensywnego dialogu z m\u0142odzie\u017c\u0105 oraz doskona\u0142a okazja do zaprezentowania, jak pasja badawcza przek\u0142ada si\u0119 na realne, praktyczne dzia\u0142ania.<\/p>\n\n\n\n<h3 class=\"wp-block-heading\" style=\"font-size:16px\">Podczas wydarzenia mieli\u015bmy przyjemno\u015b\u0107 go\u015bci\u0107 uczni\u00f3w gliwickich szk\u00f3\u0142, dziel\u0105c si\u0119 z nimi tajnikami pracy naukowca oraz realizowanymi przez nas projektami. G\u0142\u00f3wnym celem naszej obecno\u015bci by\u0142a <strong>promocja postaw pro-naukowych<\/strong> oraz rozbudzanie ciekawo\u015bci intelektualnej w\u015br\u00f3d przysz\u0142ych student\u00f3w.<\/h3>\n\n\n\n<p>Wierzymy, \u017ce bezpo\u015bredni kontakt z nauk\u0105 \u2013 mo\u017cliwo\u015b\u0107 zadawania pyta\u0144 i zrozumienia z\u0142o\u017conych proces\u00f3w poprzez praktyczne przyk\u0142ady \u2013 jest kluczowy w budowaniu przysz\u0142ych kadr in\u017cynierskich i projektowych.<\/p>\n\n\n\n<p>Sk\u0142adamy serdeczne podzi\u0119kowania <strong>Pani Prorektor ds. Studenckich i Kszta\u0142cenia, prof. dr hab. in\u017c. Annie Chrobok<\/strong>, za zaproszenie do udzia\u0142u w tym presti\u017cowym wydarzeniu i stworzenie przestrzeni do prezentacji naszych dokona\u0144.<\/p>\n\n\n\n<p>Wyrazy wdzi\u0119czno\u015bci kierujemy r\u00f3wnie\u017c do <strong>Pani Katarzyny Kuczy\u0144skiej-Budki, Prezydent Miasta Gliwice<\/strong>, za aktywne wspieranie rozwoju m\u0142odych talent\u00f3w oraz budowanie synergii mi\u0119dzy nauk\u0105 a miastem.<\/p>\n\n\n\n<blockquote class=\"wp-block-quote is-layout-flow wp-block-quote-is-layout-flow\">\n<p>\u201eNasz\u0105 misj\u0105 jest pokazanie, \u017ce nauka to nie tylko teoria, ale przede wszystkim narz\u0119dzie do kszta\u0142towania otaczaj\u0105cej nas rzeczywisto\u015bci. Je\u015bli nasze dzia\u0142ania zainspirowa\u0142y cho\u0107 jedn\u0105 osob\u0119 do wybrania \u015bcie\u017cki rozwoju naukowego, uznajemy nasze zadanie za w pe\u0142ni zrealizowane\u201d.<\/p>\n<\/blockquote>\n\n\n\n<hr class=\"wp-block-separator has-alpha-channel-opacity\"\/>\n\n\n\n<p><strong>Do zobaczenia podczas kolejnych edycji i wydarze\u0144 promuj\u0105cych nauk\u0119!<\/strong><\/p>\n\n\n\n<figure class=\"wp-block-image size-large\"><img loading=\"lazy\" decoding=\"async\" width=\"1024\" height=\"1024\" src=\"https:\/\/grawmetropolie.polsl.pl\/wp-content\/uploads\/2026\/02\/629772517_1536202775177160_8001025964181358016_n-1024x1024.jpg\" alt=\"\" class=\"wp-image-838\" srcset=\"https:\/\/grawmetropolie.polsl.pl\/wp-content\/uploads\/2026\/02\/629772517_1536202775177160_8001025964181358016_n-1024x1024.jpg 1024w, https:\/\/grawmetropolie.polsl.pl\/wp-content\/uploads\/2026\/02\/629772517_1536202775177160_8001025964181358016_n-300x300.jpg 300w, https:\/\/grawmetropolie.polsl.pl\/wp-content\/uploads\/2026\/02\/629772517_1536202775177160_8001025964181358016_n-150x150.jpg 150w, https:\/\/grawmetropolie.polsl.pl\/wp-content\/uploads\/2026\/02\/629772517_1536202775177160_8001025964181358016_n-768x768.jpg 768w, https:\/\/grawmetropolie.polsl.pl\/wp-content\/uploads\/2026\/02\/629772517_1536202775177160_8001025964181358016_n-100x100.jpg 100w, https:\/\/grawmetropolie.polsl.pl\/wp-content\/uploads\/2026\/02\/629772517_1536202775177160_8001025964181358016_n.jpg 1500w\" sizes=\"auto, (max-width: 767px) 89vw, (max-width: 1000px) 54vw, (max-width: 1071px) 543px, 580px\" \/><\/figure>\n","protected":false},"excerpt":{"rendered":"<p>Za nami XII Fina\u0142 Dni Gliwickich M\u0142odych Naukowc\u00f3w, kt\u00f3ry odby\u0142 si\u0119 w murach Politechniki \u015al\u0105skiej. Dla naszego ko\u0142a naukowego by\u0142 to czas intensywnego dialogu z m\u0142odzie\u017c\u0105 oraz doskona\u0142a okazja do zaprezentowania, jak pasja badawcza przek\u0142ada si\u0119 na realne, praktyczne dzia\u0142ania. Podczas wydarzenia mieli\u015bmy przyjemno\u015b\u0107 go\u015bci\u0107 uczni\u00f3w gliwickich szk\u00f3\u0142, dziel\u0105c si\u0119 z nimi tajnikami pracy naukowca &hellip; <\/p>\n<p class=\"link-more\"><a href=\"https:\/\/grawmetropolie.polsl.pl\/index.php\/popularyzacja-nauki-i-inspiracja-mlodych-talentow-xii-final-dni-gliwickich-mlodych-naukowcow\/\" class=\"more-link\">Czytaj dalej<span class=\"screen-reader-text\"> \u201ePopularyzacja nauki i inspiracja m\u0142odych talent\u00f3w \u2013 XII Fina\u0142 Dni Gliwickich M\u0142odych Naukowc\u00f3w\u201d<\/span><\/a><\/p>\n","protected":false},"author":1,"featured_media":0,"comment_status":"closed","ping_status":"","sticky":false,"template":"","format":"standard","meta":{"_eb_attr":"","_uag_custom_page_level_css":"","footnotes":""},"categories":[1],"tags":[],"class_list":["post-837","post","type-post","status-publish","format-standard","hentry","category-bez-kategorii"],"uagb_featured_image_src":{"full":false,"thumbnail":false,"medium":false,"medium_large":false,"large":false,"1536x1536":false,"2048x2048":false,"twentyseventeen-featured-image":false,"twentyseventeen-thumbnail-avatar":false},"uagb_author_info":{"display_name":"bradecki","author_link":"https:\/\/grawmetropolie.polsl.pl\/index.php\/author\/bradecki\/"},"uagb_comment_info":0,"uagb_excerpt":"Za nami XII Fina\u0142 Dni Gliwickich M\u0142odych Naukowc\u00f3w, kt\u00f3ry odby\u0142 si\u0119 w murach Politechniki \u015al\u0105skiej. Dla naszego ko\u0142a naukowego by\u0142 to czas intensywnego dialogu z m\u0142odzie\u017c\u0105 oraz doskona\u0142a okazja do zaprezentowania, jak pasja badawcza przek\u0142ada si\u0119 na realne, praktyczne dzia\u0142ania. Podczas wydarzenia mieli\u015bmy przyjemno\u015b\u0107 go\u015bci\u0107 uczni\u00f3w gliwickich szk\u00f3\u0142, dziel\u0105c si\u0119 z nimi tajnikami pracy naukowca&hellip;","_links":{"self":[{"href":"https:\/\/grawmetropolie.polsl.pl\/index.php\/wp-json\/wp\/v2\/posts\/837","targetHints":{"allow":["GET"]}}],"collection":[{"href":"https:\/\/grawmetropolie.polsl.pl\/index.php\/wp-json\/wp\/v2\/posts"}],"about":[{"href":"https:\/\/grawmetropolie.polsl.pl\/index.php\/wp-json\/wp\/v2\/types\/post"}],"author":[{"embeddable":true,"href":"https:\/\/grawmetropolie.polsl.pl\/index.php\/wp-json\/wp\/v2\/users\/1"}],"replies":[{"embeddable":true,"href":"https:\/\/grawmetropolie.polsl.pl\/index.php\/wp-json\/wp\/v2\/comments?post=837"}],"version-history":[{"count":2,"href":"https:\/\/grawmetropolie.polsl.pl\/index.php\/wp-json\/wp\/v2\/posts\/837\/revisions"}],"predecessor-version":[{"id":840,"href":"https:\/\/grawmetropolie.polsl.pl\/index.php\/wp-json\/wp\/v2\/posts\/837\/revisions\/840"}],"wp:attachment":[{"href":"https:\/\/grawmetropolie.polsl.pl\/index.php\/wp-json\/wp\/v2\/media?parent=837"}],"wp:term":[{"taxonomy":"category","embeddable":true,"href":"https:\/\/grawmetropolie.polsl.pl\/index.php\/wp-json\/wp\/v2\/categories?post=837"},{"taxonomy":"post_tag","embeddable":true,"href":"https:\/\/grawmetropolie.polsl.pl\/index.php\/wp-json\/wp\/v2\/tags?post=837"}],"curies":[{"name":"wp","href":"https:\/\/api.w.org\/{rel}","templated":true}]}}