{"id":811,"date":"2026-01-25T14:24:00","date_gmt":"2026-01-25T13:24:00","guid":{"rendered":"https:\/\/grawmetropolie.polsl.pl\/?p=811"},"modified":"2026-02-12T14:28:28","modified_gmt":"2026-02-12T13:28:28","slug":"warsztaty-metropoli-gra-w-katowice-podczas-4-design-days","status":"publish","type":"post","link":"https:\/\/grawmetropolie.polsl.pl\/index.php\/warsztaty-metropoli-gra-w-katowice-podczas-4-design-days\/","title":{"rendered":"Warsztaty \u201eMetropoli \u2013 Gra w Katowice\u201d podczas 4 Design Days"},"content":{"rendered":"\n<p>Podczas jubileuszowej, 10. edycji <strong>4 Design Days<\/strong> mieli\u015bmy przyjemno\u015b\u0107 poprowadzi\u0107 warsztaty z wykorzystaniem naszej gry urbanistycznej <strong>\u201eMetropoli \u2013 Katopoli\u201d<\/strong>.<\/p>\n\n\n\n<p>By\u0142o to dla nas szczeg\u00f3lne wyr\u00f3\u017cnienie \u2013 jako ko\u0142o naukowe byli\u015bmy jedyn\u0105 tego typu inicjatyw\u0105 warsztatow\u0105 w programie wydarzenia. Tym bardziej dzi\u0119kujemy organizatorom 4DD za zaufanie i mo\u017cliwo\u015b\u0107 wsp\u00f3\u0142tworzenia tego presti\u017cowego wydarzenia. <\/p>\n\n\n\n<p>Katowice s\u0105 naturalnym kontekstem dla gry \u201eMetropoli \u2013 Katopoli\u201d. To narz\u0119dzie edukacyjne, kt\u00f3re w przyst\u0119pny i anga\u017cuj\u0105cy spos\u00f3b pozwala rozmawia\u0107 o mie\u015bcie, planowaniu przestrzennym, kompromisach oraz d\u0142ugofalowych konsekwencjach decyzji urbanistycznych. Gra silnie wpisuje si\u0119 w lokalny kontekst \u2013 miasta w procesie transformacji, miasta ucz\u0105cego si\u0119 i otwartego na nowe formy edukacji oraz dialogu. <\/p>\n\n\n\n<p>Dzi\u0119kujemy wszystkim uczestnikom warsztat\u00f3w za zaanga\u017cowanie, otwarto\u015b\u0107 na rozmow\u0119 o mie\u015bcie i \u015bwietn\u0105 energi\u0119 \u2013 dok\u0142adnie taki cel przy\u015bwieca\u0142 naszym dzia\u0142aniom. <\/p>\n\n\n\n<p>Wyrazy wdzi\u0119czno\u015bci kierujemy r\u00f3wnie\u017c do naszego opiekuna naukowego oraz tutor\u00f3w:<\/p>\n\n\n\n<p>dr hab. in\u017c. arch. Tomasz Bradecki, prof. P\u015a<br>Amelia Ga\u0142as<br>Artur Krzystek<br>Emilia Fischer<\/p>\n\n\n\n<figure class=\"wp-block-gallery has-nested-images columns-default is-cropped wp-block-gallery-1 is-layout-flex wp-block-gallery-is-layout-flex\">\n<figure class=\"wp-block-image size-large\"><img loading=\"lazy\" decoding=\"async\" width=\"1024\" height=\"1024\" data-id=\"812\" src=\"https:\/\/grawmetropolie.polsl.pl\/wp-content\/uploads\/2026\/02\/622835213_17933882184079628_583309172377202886_n-1024x1024.jpg\" alt=\"\" class=\"wp-image-812\" srcset=\"https:\/\/grawmetropolie.polsl.pl\/wp-content\/uploads\/2026\/02\/622835213_17933882184079628_583309172377202886_n-1024x1024.jpg 1024w, https:\/\/grawmetropolie.polsl.pl\/wp-content\/uploads\/2026\/02\/622835213_17933882184079628_583309172377202886_n-300x300.jpg 300w, https:\/\/grawmetropolie.polsl.pl\/wp-content\/uploads\/2026\/02\/622835213_17933882184079628_583309172377202886_n-150x150.jpg 150w, https:\/\/grawmetropolie.polsl.pl\/wp-content\/uploads\/2026\/02\/622835213_17933882184079628_583309172377202886_n-768x768.jpg 768w, https:\/\/grawmetropolie.polsl.pl\/wp-content\/uploads\/2026\/02\/622835213_17933882184079628_583309172377202886_n-100x100.jpg 100w, https:\/\/grawmetropolie.polsl.pl\/wp-content\/uploads\/2026\/02\/622835213_17933882184079628_583309172377202886_n.jpg 1145w\" sizes=\"auto, (max-width: 767px) 89vw, (max-width: 1000px) 54vw, (max-width: 1071px) 543px, 580px\" \/><\/figure>\n\n\n\n<figure class=\"wp-block-image size-large\"><img loading=\"lazy\" decoding=\"async\" width=\"1024\" height=\"1024\" data-id=\"814\" src=\"https:\/\/grawmetropolie.polsl.pl\/wp-content\/uploads\/2026\/02\/622293802_17933882157079628_4038830280485346764_n-1024x1024.jpg\" alt=\"\" class=\"wp-image-814\" srcset=\"https:\/\/grawmetropolie.polsl.pl\/wp-content\/uploads\/2026\/02\/622293802_17933882157079628_4038830280485346764_n-1024x1024.jpg 1024w, https:\/\/grawmetropolie.polsl.pl\/wp-content\/uploads\/2026\/02\/622293802_17933882157079628_4038830280485346764_n-300x300.jpg 300w, https:\/\/grawmetropolie.polsl.pl\/wp-content\/uploads\/2026\/02\/622293802_17933882157079628_4038830280485346764_n-150x150.jpg 150w, https:\/\/grawmetropolie.polsl.pl\/wp-content\/uploads\/2026\/02\/622293802_17933882157079628_4038830280485346764_n-768x768.jpg 768w, https:\/\/grawmetropolie.polsl.pl\/wp-content\/uploads\/2026\/02\/622293802_17933882157079628_4038830280485346764_n-100x100.jpg 100w, https:\/\/grawmetropolie.polsl.pl\/wp-content\/uploads\/2026\/02\/622293802_17933882157079628_4038830280485346764_n.jpg 1183w\" sizes=\"auto, (max-width: 767px) 89vw, (max-width: 1000px) 54vw, (max-width: 1071px) 543px, 580px\" \/><\/figure>\n\n\n\n<figure class=\"wp-block-image size-large\"><img loading=\"lazy\" decoding=\"async\" width=\"1024\" height=\"1024\" data-id=\"813\" src=\"https:\/\/grawmetropolie.polsl.pl\/wp-content\/uploads\/2026\/02\/621999912_17933882181079628_3964338601243090661_n-1024x1024.jpg\" alt=\"\" class=\"wp-image-813\" srcset=\"https:\/\/grawmetropolie.polsl.pl\/wp-content\/uploads\/2026\/02\/621999912_17933882181079628_3964338601243090661_n-1024x1024.jpg 1024w, https:\/\/grawmetropolie.polsl.pl\/wp-content\/uploads\/2026\/02\/621999912_17933882181079628_3964338601243090661_n-300x300.jpg 300w, https:\/\/grawmetropolie.polsl.pl\/wp-content\/uploads\/2026\/02\/621999912_17933882181079628_3964338601243090661_n-150x150.jpg 150w, https:\/\/grawmetropolie.polsl.pl\/wp-content\/uploads\/2026\/02\/621999912_17933882181079628_3964338601243090661_n-768x768.jpg 768w, https:\/\/grawmetropolie.polsl.pl\/wp-content\/uploads\/2026\/02\/621999912_17933882181079628_3964338601243090661_n-100x100.jpg 100w, https:\/\/grawmetropolie.polsl.pl\/wp-content\/uploads\/2026\/02\/621999912_17933882181079628_3964338601243090661_n.jpg 1176w\" sizes=\"auto, (max-width: 767px) 89vw, (max-width: 1000px) 54vw, (max-width: 1071px) 543px, 580px\" \/><\/figure>\n<\/figure>\n","protected":false},"excerpt":{"rendered":"<p>Podczas jubileuszowej, 10. edycji 4 Design Days mieli\u015bmy przyjemno\u015b\u0107 poprowadzi\u0107 warsztaty z wykorzystaniem naszej gry urbanistycznej \u201eMetropoli \u2013 Katopoli\u201d. By\u0142o to dla nas szczeg\u00f3lne wyr\u00f3\u017cnienie \u2013 jako ko\u0142o naukowe byli\u015bmy jedyn\u0105 tego typu inicjatyw\u0105 warsztatow\u0105 w programie wydarzenia. Tym bardziej dzi\u0119kujemy organizatorom 4DD za zaufanie i mo\u017cliwo\u015b\u0107 wsp\u00f3\u0142tworzenia tego presti\u017cowego wydarzenia. Katowice s\u0105 naturalnym kontekstem &hellip; <\/p>\n<p class=\"link-more\"><a href=\"https:\/\/grawmetropolie.polsl.pl\/index.php\/warsztaty-metropoli-gra-w-katowice-podczas-4-design-days\/\" class=\"more-link\">Czytaj dalej<span class=\"screen-reader-text\"> \u201eWarsztaty \u201eMetropoli \u2013 Gra w Katowice\u201d podczas 4 Design Days\u201d<\/span><\/a><\/p>\n","protected":false},"author":1,"featured_media":0,"comment_status":"closed","ping_status":"","sticky":false,"template":"","format":"standard","meta":{"_eb_attr":"","_uag_custom_page_level_css":"","footnotes":""},"categories":[1],"tags":[],"class_list":["post-811","post","type-post","status-publish","format-standard","hentry","category-bez-kategorii"],"uagb_featured_image_src":{"full":false,"thumbnail":false,"medium":false,"medium_large":false,"large":false,"1536x1536":false,"2048x2048":false,"twentyseventeen-featured-image":false,"twentyseventeen-thumbnail-avatar":false},"uagb_author_info":{"display_name":"bradecki","author_link":"https:\/\/grawmetropolie.polsl.pl\/index.php\/author\/bradecki\/"},"uagb_comment_info":0,"uagb_excerpt":"Podczas jubileuszowej, 10. edycji 4 Design Days mieli\u015bmy przyjemno\u015b\u0107 poprowadzi\u0107 warsztaty z wykorzystaniem naszej gry urbanistycznej \u201eMetropoli \u2013 Katopoli\u201d. By\u0142o to dla nas szczeg\u00f3lne wyr\u00f3\u017cnienie \u2013 jako ko\u0142o naukowe byli\u015bmy jedyn\u0105 tego typu inicjatyw\u0105 warsztatow\u0105 w programie wydarzenia. Tym bardziej dzi\u0119kujemy organizatorom 4DD za zaufanie i mo\u017cliwo\u015b\u0107 wsp\u00f3\u0142tworzenia tego presti\u017cowego wydarzenia. Katowice s\u0105 naturalnym kontekstem&hellip;","_links":{"self":[{"href":"https:\/\/grawmetropolie.polsl.pl\/index.php\/wp-json\/wp\/v2\/posts\/811","targetHints":{"allow":["GET"]}}],"collection":[{"href":"https:\/\/grawmetropolie.polsl.pl\/index.php\/wp-json\/wp\/v2\/posts"}],"about":[{"href":"https:\/\/grawmetropolie.polsl.pl\/index.php\/wp-json\/wp\/v2\/types\/post"}],"author":[{"embeddable":true,"href":"https:\/\/grawmetropolie.polsl.pl\/index.php\/wp-json\/wp\/v2\/users\/1"}],"replies":[{"embeddable":true,"href":"https:\/\/grawmetropolie.polsl.pl\/index.php\/wp-json\/wp\/v2\/comments?post=811"}],"version-history":[{"count":1,"href":"https:\/\/grawmetropolie.polsl.pl\/index.php\/wp-json\/wp\/v2\/posts\/811\/revisions"}],"predecessor-version":[{"id":816,"href":"https:\/\/grawmetropolie.polsl.pl\/index.php\/wp-json\/wp\/v2\/posts\/811\/revisions\/816"}],"wp:attachment":[{"href":"https:\/\/grawmetropolie.polsl.pl\/index.php\/wp-json\/wp\/v2\/media?parent=811"}],"wp:term":[{"taxonomy":"category","embeddable":true,"href":"https:\/\/grawmetropolie.polsl.pl\/index.php\/wp-json\/wp\/v2\/categories?post=811"},{"taxonomy":"post_tag","embeddable":true,"href":"https:\/\/grawmetropolie.polsl.pl\/index.php\/wp-json\/wp\/v2\/tags?post=811"}],"curies":[{"name":"wp","href":"https:\/\/api.w.org\/{rel}","templated":true}]}}