{"id":795,"date":"2025-12-01T14:01:18","date_gmt":"2025-12-01T13:01:18","guid":{"rendered":"https:\/\/grawmetropolie.polsl.pl\/?p=795"},"modified":"2026-02-12T14:47:23","modified_gmt":"2026-02-12T13:47:23","slug":"berlin-mlode-dziedzictwo-i-miasta","status":"publish","type":"post","link":"https:\/\/grawmetropolie.polsl.pl\/index.php\/berlin-mlode-dziedzictwo-i-miasta\/","title":{"rendered":"Berlin, m\u0142ode dziedzictwo i miasta"},"content":{"rendered":"\n<p>W Pilecki-Institut w centrum Berlina odby\u0142o si\u0119 seminarium <strong>\u201eJunges Erbe: Architektur und Identit\u00e4t postindustrieller St\u00e4dte \u2013 Der Fall Kattowitz\u201d<\/strong>, po\u015bwi\u0119cone powojennej architekturze oraz to\u017csamo\u015bci miast poprzemys\u0142owych.<\/p>\n\n\n\n<p>Wprowadzeniem do dyskusji by\u0142 wyk\u0142ad <strong>dr. in\u017c. arch. Jakuba Br\u00f3dki<\/strong>, kt\u00f3ry w swoich badaniach analizuje przemiany przestrzenne i kulturowe Katowic. Prelegent podkre\u015bli\u0142, \u017ce miasto to nie tylko historia industrialna, lecz r\u00f3wnie\u017c wyj\u0105tkowa warstwa architektury i design powsta\u0142a po 1945 roku. Perspektyw\u0119 t\u0119 prezentuje tak\u017ce w swojej publikacji <strong>\u201ePrzewodnik architektoniczny. Katowice. Architektura po 1945 roku\u201d<\/strong>.<\/p>\n\n\n\n<p>To spojrzenie jest nam szczeg\u00f3lnie bliskie \u2013 r\u00f3wnolegle pracujemy nad nowym etapem projektu <strong>Metropoli<\/strong>, skoncentrowanym na Katowicach. Berli\u0144ska debata o \u201em\u0142odym dziedzictwie\u201d nadaje naszym dzia\u0142aniom szerszy, europejski kontekst i pokazuje, \u017ce tematy, kt\u00f3re podejmujemy, wpisuj\u0105 si\u0119 w aktualn\u0105 dyskusj\u0119 o mie\u015bcie, architekturze i wsp\u00f3\u0142czesnej metropolii.<\/p>\n\n\n\n<p>W Berlinie \u2013 obok dr. Jakuba Br\u00f3dki i jego publikacji \u2013 zaprezentowana zosta\u0142a tak\u017ce <strong>\u201eMetropoli \u2013 Gra w Metropoli\u0119 GZM\u201d \ud83c\udfb2<\/strong> jako przyk\u0142ad nowoczesnej edukacji urbanistycznej.<\/p>\n\n\n\n<p>Po\u0142\u0105czenie <strong>gry, ksi\u0105\u017cki i wydarzenia naukowego<\/strong> sprawia, \u017ce idee metropolii, urbanistyki i to\u017csamo\u015bci miejskiej staj\u0105 si\u0119 bardziej dost\u0119pne, zrozumia\u0142e i atrakcyjne. To podej\u015bcie doskonale wpisuje si\u0119 w koncepcj\u0119 edukacyjn\u0105, jak\u0105 mo\u017ce nie\u015b\u0107 zar\u00f3wno gra urbanistyczna, jak i przewodnik architektoniczny.<\/p>\n\n\n\n<p>\ud83d\udccd Berlin<br>\ud83d\udc64 dr in\u017c. arch. Jakub Br\u00f3dka<br>\ud83c\udfb2 \u201eMetropoli \u2013 Gra w Metropoli\u0119 GZM\u201d<br>\ud83d\udcd8 \u201ePrzewodnik architektoniczny. Katowice. Architektura po 1945 roku\u201d<\/p>\n\n\n\n<figure class=\"wp-block-gallery has-nested-images columns-default is-cropped wp-block-gallery-1 is-layout-flex wp-block-gallery-is-layout-flex\">\n<figure class=\"wp-block-image size-large\"><img loading=\"lazy\" decoding=\"async\" width=\"1024\" height=\"1024\" data-id=\"796\" src=\"https:\/\/grawmetropolie.polsl.pl\/wp-content\/uploads\/2026\/02\/589145611_17928741111079628_4198960252965303295_n-1024x1024.jpg\" alt=\"\" class=\"wp-image-796\" srcset=\"https:\/\/grawmetropolie.polsl.pl\/wp-content\/uploads\/2026\/02\/589145611_17928741111079628_4198960252965303295_n-1024x1024.jpg 1024w, https:\/\/grawmetropolie.polsl.pl\/wp-content\/uploads\/2026\/02\/589145611_17928741111079628_4198960252965303295_n-300x300.jpg 300w, https:\/\/grawmetropolie.polsl.pl\/wp-content\/uploads\/2026\/02\/589145611_17928741111079628_4198960252965303295_n-150x150.jpg 150w, https:\/\/grawmetropolie.polsl.pl\/wp-content\/uploads\/2026\/02\/589145611_17928741111079628_4198960252965303295_n-768x767.jpg 768w, https:\/\/grawmetropolie.polsl.pl\/wp-content\/uploads\/2026\/02\/589145611_17928741111079628_4198960252965303295_n-100x100.jpg 100w, https:\/\/grawmetropolie.polsl.pl\/wp-content\/uploads\/2026\/02\/589145611_17928741111079628_4198960252965303295_n.jpg 1440w\" sizes=\"auto, (max-width: 767px) 89vw, (max-width: 1000px) 54vw, (max-width: 1071px) 543px, 580px\" \/><\/figure>\n\n\n\n<figure class=\"wp-block-image size-large\"><img loading=\"lazy\" decoding=\"async\" width=\"1024\" height=\"1024\" data-id=\"797\" src=\"https:\/\/grawmetropolie.polsl.pl\/wp-content\/uploads\/2026\/02\/588310503_17928741087079628_1074211800153233510_n-1024x1024.jpg\" alt=\"\" class=\"wp-image-797\" srcset=\"https:\/\/grawmetropolie.polsl.pl\/wp-content\/uploads\/2026\/02\/588310503_17928741087079628_1074211800153233510_n-1024x1024.jpg 1024w, https:\/\/grawmetropolie.polsl.pl\/wp-content\/uploads\/2026\/02\/588310503_17928741087079628_1074211800153233510_n-300x300.jpg 300w, https:\/\/grawmetropolie.polsl.pl\/wp-content\/uploads\/2026\/02\/588310503_17928741087079628_1074211800153233510_n-150x150.jpg 150w, https:\/\/grawmetropolie.polsl.pl\/wp-content\/uploads\/2026\/02\/588310503_17928741087079628_1074211800153233510_n-768x768.jpg 768w, https:\/\/grawmetropolie.polsl.pl\/wp-content\/uploads\/2026\/02\/588310503_17928741087079628_1074211800153233510_n-100x100.jpg 100w, https:\/\/grawmetropolie.polsl.pl\/wp-content\/uploads\/2026\/02\/588310503_17928741087079628_1074211800153233510_n.jpg 1440w\" sizes=\"auto, (max-width: 767px) 89vw, (max-width: 1000px) 54vw, (max-width: 1071px) 543px, 580px\" \/><\/figure>\n\n\n\n<figure class=\"wp-block-image size-large\"><img loading=\"lazy\" decoding=\"async\" width=\"1024\" height=\"1024\" data-id=\"798\" src=\"https:\/\/grawmetropolie.polsl.pl\/wp-content\/uploads\/2026\/02\/589113173_17928741057079628_8828149494139498003_n-1024x1024.jpg\" alt=\"\" class=\"wp-image-798\" srcset=\"https:\/\/grawmetropolie.polsl.pl\/wp-content\/uploads\/2026\/02\/589113173_17928741057079628_8828149494139498003_n-1024x1024.jpg 1024w, https:\/\/grawmetropolie.polsl.pl\/wp-content\/uploads\/2026\/02\/589113173_17928741057079628_8828149494139498003_n-300x300.jpg 300w, https:\/\/grawmetropolie.polsl.pl\/wp-content\/uploads\/2026\/02\/589113173_17928741057079628_8828149494139498003_n-150x150.jpg 150w, https:\/\/grawmetropolie.polsl.pl\/wp-content\/uploads\/2026\/02\/589113173_17928741057079628_8828149494139498003_n-768x768.jpg 768w, https:\/\/grawmetropolie.polsl.pl\/wp-content\/uploads\/2026\/02\/589113173_17928741057079628_8828149494139498003_n-100x100.jpg 100w, https:\/\/grawmetropolie.polsl.pl\/wp-content\/uploads\/2026\/02\/589113173_17928741057079628_8828149494139498003_n.jpg 1440w\" sizes=\"auto, (max-width: 767px) 89vw, (max-width: 1000px) 54vw, (max-width: 1071px) 543px, 580px\" \/><\/figure>\n<\/figure>\n","protected":false},"excerpt":{"rendered":"<p>W Pilecki-Institut w centrum Berlina odby\u0142o si\u0119 seminarium \u201eJunges Erbe: Architektur und Identit\u00e4t postindustrieller St\u00e4dte \u2013 Der Fall Kattowitz\u201d, po\u015bwi\u0119cone powojennej architekturze oraz to\u017csamo\u015bci miast poprzemys\u0142owych. Wprowadzeniem do dyskusji by\u0142 wyk\u0142ad dr. in\u017c. arch. Jakuba Br\u00f3dki, kt\u00f3ry w swoich badaniach analizuje przemiany przestrzenne i kulturowe Katowic. Prelegent podkre\u015bli\u0142, \u017ce miasto to nie tylko historia industrialna, &hellip; <\/p>\n<p class=\"link-more\"><a href=\"https:\/\/grawmetropolie.polsl.pl\/index.php\/berlin-mlode-dziedzictwo-i-miasta\/\" class=\"more-link\">Czytaj dalej<span class=\"screen-reader-text\"> \u201eBerlin, m\u0142ode dziedzictwo i miasta\u201d<\/span><\/a><\/p>\n","protected":false},"author":1,"featured_media":0,"comment_status":"closed","ping_status":"","sticky":false,"template":"","format":"standard","meta":{"_eb_attr":"","_uag_custom_page_level_css":"","footnotes":""},"categories":[1],"tags":[],"class_list":["post-795","post","type-post","status-publish","format-standard","hentry","category-bez-kategorii"],"uagb_featured_image_src":{"full":false,"thumbnail":false,"medium":false,"medium_large":false,"large":false,"1536x1536":false,"2048x2048":false,"twentyseventeen-featured-image":false,"twentyseventeen-thumbnail-avatar":false},"uagb_author_info":{"display_name":"bradecki","author_link":"https:\/\/grawmetropolie.polsl.pl\/index.php\/author\/bradecki\/"},"uagb_comment_info":0,"uagb_excerpt":"W Pilecki-Institut w centrum Berlina odby\u0142o si\u0119 seminarium \u201eJunges Erbe: Architektur und Identit\u00e4t postindustrieller St\u00e4dte \u2013 Der Fall Kattowitz\u201d, po\u015bwi\u0119cone powojennej architekturze oraz to\u017csamo\u015bci miast poprzemys\u0142owych. Wprowadzeniem do dyskusji by\u0142 wyk\u0142ad dr. in\u017c. arch. Jakuba Br\u00f3dki, kt\u00f3ry w swoich badaniach analizuje przemiany przestrzenne i kulturowe Katowic. Prelegent podkre\u015bli\u0142, \u017ce miasto to nie tylko historia industrialna,&hellip;","_links":{"self":[{"href":"https:\/\/grawmetropolie.polsl.pl\/index.php\/wp-json\/wp\/v2\/posts\/795","targetHints":{"allow":["GET"]}}],"collection":[{"href":"https:\/\/grawmetropolie.polsl.pl\/index.php\/wp-json\/wp\/v2\/posts"}],"about":[{"href":"https:\/\/grawmetropolie.polsl.pl\/index.php\/wp-json\/wp\/v2\/types\/post"}],"author":[{"embeddable":true,"href":"https:\/\/grawmetropolie.polsl.pl\/index.php\/wp-json\/wp\/v2\/users\/1"}],"replies":[{"embeddable":true,"href":"https:\/\/grawmetropolie.polsl.pl\/index.php\/wp-json\/wp\/v2\/comments?post=795"}],"version-history":[{"count":2,"href":"https:\/\/grawmetropolie.polsl.pl\/index.php\/wp-json\/wp\/v2\/posts\/795\/revisions"}],"predecessor-version":[{"id":831,"href":"https:\/\/grawmetropolie.polsl.pl\/index.php\/wp-json\/wp\/v2\/posts\/795\/revisions\/831"}],"wp:attachment":[{"href":"https:\/\/grawmetropolie.polsl.pl\/index.php\/wp-json\/wp\/v2\/media?parent=795"}],"wp:term":[{"taxonomy":"category","embeddable":true,"href":"https:\/\/grawmetropolie.polsl.pl\/index.php\/wp-json\/wp\/v2\/categories?post=795"},{"taxonomy":"post_tag","embeddable":true,"href":"https:\/\/grawmetropolie.polsl.pl\/index.php\/wp-json\/wp\/v2\/tags?post=795"}],"curies":[{"name":"wp","href":"https:\/\/api.w.org\/{rel}","templated":true}]}}