{"id":778,"date":"2025-11-06T18:41:30","date_gmt":"2025-11-06T17:41:30","guid":{"rendered":"https:\/\/grawmetropolie.polsl.pl\/?p=778"},"modified":"2025-11-11T18:42:28","modified_gmt":"2025-11-11T17:42:28","slug":"udzial-urbanmodel-w-colloquium-miejskim","status":"publish","type":"post","link":"https:\/\/grawmetropolie.polsl.pl\/index.php\/udzial-urbanmodel-w-colloquium-miejskim\/","title":{"rendered":"Udzia\u0142 Urbanmodel w Colloquium Miejskim"},"content":{"rendered":"\n<p>Zesp\u00f3\u0142 <strong>Urbanmodel<\/strong> wzi\u0105\u0142 udzia\u0142 w <strong>Colloquium Miejskim<\/strong> odbywaj\u0105cym si\u0119 pod has\u0142em <em>\u201eProcesy mozaikowej zmiany miejskiej \u2013 przez r\u00f3\u017cnorodno\u015b\u0107 do sp\u00f3jno\u015bci\u201d<\/em>.<\/p>\n\n\n\n<p>Autorzy posteru \u2013 <strong>in\u017c. arch. Paulina Siudyka<\/strong>, <strong>in\u017c. arch. B\u0142a\u017cej M\u00f3l<\/strong> oraz <strong>Amelia Ga\u0142as<\/strong> \u2013 zaprezentowali koncepcj\u0119 wsp\u00f3\u0142czesnego miasta jako struktury wielowarstwowej, z\u0142o\u017conej z r\u00f3\u017cnorodnych styl\u00f3w \u017cycia, funkcji, grup spo\u0142ecznych i skal przestrzennych. W uj\u0119ciu zespo\u0142u te zr\u00f3\u017cnicowane elementy tworz\u0105 \u2013 niczym kafelki mozaiki \u2013 harmonijn\u0105 i dynamiczn\u0105 ca\u0142o\u015b\u0107.<\/p>\n\n\n\n<p>W ramach prezentacji zaprezentowano r\u00f3wnie\u017c autorsk\u0105 <strong>gr\u0119 edukacyjn\u0105<\/strong>, kt\u00f3ra umo\u017cliwia uczestnikom eksperymentowanie z doborem i \u0142\u0105czeniem \u201eelement\u00f3w miejskiej uk\u0142adanki\u201d \u2013 od zielonych korytarzy, przez zabudow\u0119 mieszan\u0105, po przestrzenie wsp\u00f3lne i lokalny charakter dzielnic.<\/p>\n\n\n\n<p>Dzi\u0119ki tej interaktywnej formie uczestnicy mogli lepiej zrozumie\u0107, w jaki spos\u00f3b pozornie niesp\u00f3jne fragmenty miasta mog\u0105 wzajemnie si\u0119 uzupe\u0142nia\u0107, tworz\u0105c sp\u00f3jny, elastyczny i inkluzywny uk\u0142ad miejski.<\/p>\n\n\n\n<figure class=\"wp-block-gallery has-nested-images columns-default is-cropped wp-block-gallery-1 is-layout-flex wp-block-gallery-is-layout-flex\">\n<figure class=\"wp-block-image size-large\"><img loading=\"lazy\" decoding=\"async\" width=\"1024\" height=\"464\" data-id=\"780\" src=\"https:\/\/grawmetropolie.polsl.pl\/wp-content\/uploads\/2025\/11\/576675952_1348809980369740_7980508468452607319_n-1024x464.jpg\" alt=\"\" class=\"wp-image-780\" srcset=\"https:\/\/grawmetropolie.polsl.pl\/wp-content\/uploads\/2025\/11\/576675952_1348809980369740_7980508468452607319_n-1024x464.jpg 1024w, https:\/\/grawmetropolie.polsl.pl\/wp-content\/uploads\/2025\/11\/576675952_1348809980369740_7980508468452607319_n-300x136.jpg 300w, https:\/\/grawmetropolie.polsl.pl\/wp-content\/uploads\/2025\/11\/576675952_1348809980369740_7980508468452607319_n-768x348.jpg 768w, https:\/\/grawmetropolie.polsl.pl\/wp-content\/uploads\/2025\/11\/576675952_1348809980369740_7980508468452607319_n-1536x695.jpg 1536w, https:\/\/grawmetropolie.polsl.pl\/wp-content\/uploads\/2025\/11\/576675952_1348809980369740_7980508468452607319_n-2048x927.jpg 2048w\" sizes=\"auto, (max-width: 767px) 89vw, (max-width: 1000px) 54vw, (max-width: 1071px) 543px, 580px\" \/><\/figure>\n\n\n\n<figure class=\"wp-block-image size-large\"><img loading=\"lazy\" decoding=\"async\" width=\"1024\" height=\"554\" data-id=\"779\" src=\"https:\/\/grawmetropolie.polsl.pl\/wp-content\/uploads\/2025\/11\/577449406_1348810013703070_1239380555961869214_n-1024x554.jpg\" alt=\"\" class=\"wp-image-779\" srcset=\"https:\/\/grawmetropolie.polsl.pl\/wp-content\/uploads\/2025\/11\/577449406_1348810013703070_1239380555961869214_n-1024x554.jpg 1024w, https:\/\/grawmetropolie.polsl.pl\/wp-content\/uploads\/2025\/11\/577449406_1348810013703070_1239380555961869214_n-300x162.jpg 300w, https:\/\/grawmetropolie.polsl.pl\/wp-content\/uploads\/2025\/11\/577449406_1348810013703070_1239380555961869214_n-768x415.jpg 768w, https:\/\/grawmetropolie.polsl.pl\/wp-content\/uploads\/2025\/11\/577449406_1348810013703070_1239380555961869214_n-1536x830.jpg 1536w, https:\/\/grawmetropolie.polsl.pl\/wp-content\/uploads\/2025\/11\/577449406_1348810013703070_1239380555961869214_n.jpg 2048w\" sizes=\"auto, (max-width: 767px) 89vw, (max-width: 1000px) 54vw, (max-width: 1071px) 543px, 580px\" \/><\/figure>\n<\/figure>\n","protected":false},"excerpt":{"rendered":"<p>Zesp\u00f3\u0142 Urbanmodel wzi\u0105\u0142 udzia\u0142 w Colloquium Miejskim odbywaj\u0105cym si\u0119 pod has\u0142em \u201eProcesy mozaikowej zmiany miejskiej \u2013 przez r\u00f3\u017cnorodno\u015b\u0107 do sp\u00f3jno\u015bci\u201d. Autorzy posteru \u2013 in\u017c. arch. Paulina Siudyka, in\u017c. arch. B\u0142a\u017cej M\u00f3l oraz Amelia Ga\u0142as \u2013 zaprezentowali koncepcj\u0119 wsp\u00f3\u0142czesnego miasta jako struktury wielowarstwowej, z\u0142o\u017conej z r\u00f3\u017cnorodnych styl\u00f3w \u017cycia, funkcji, grup spo\u0142ecznych i skal przestrzennych. W uj\u0119ciu &hellip; <\/p>\n<p class=\"link-more\"><a href=\"https:\/\/grawmetropolie.polsl.pl\/index.php\/udzial-urbanmodel-w-colloquium-miejskim\/\" class=\"more-link\">Czytaj dalej<span class=\"screen-reader-text\"> \u201eUdzia\u0142 Urbanmodel w Colloquium Miejskim\u201d<\/span><\/a><\/p>\n","protected":false},"author":1,"featured_media":0,"comment_status":"closed","ping_status":"","sticky":false,"template":"","format":"standard","meta":{"_eb_attr":"","_uag_custom_page_level_css":"","footnotes":""},"categories":[1],"tags":[],"class_list":["post-778","post","type-post","status-publish","format-standard","hentry","category-bez-kategorii"],"uagb_featured_image_src":{"full":false,"thumbnail":false,"medium":false,"medium_large":false,"large":false,"1536x1536":false,"2048x2048":false,"twentyseventeen-featured-image":false,"twentyseventeen-thumbnail-avatar":false},"uagb_author_info":{"display_name":"bradecki","author_link":"https:\/\/grawmetropolie.polsl.pl\/index.php\/author\/bradecki\/"},"uagb_comment_info":0,"uagb_excerpt":"Zesp\u00f3\u0142 Urbanmodel wzi\u0105\u0142 udzia\u0142 w Colloquium Miejskim odbywaj\u0105cym si\u0119 pod has\u0142em \u201eProcesy mozaikowej zmiany miejskiej \u2013 przez r\u00f3\u017cnorodno\u015b\u0107 do sp\u00f3jno\u015bci\u201d. Autorzy posteru \u2013 in\u017c. arch. Paulina Siudyka, in\u017c. arch. B\u0142a\u017cej M\u00f3l oraz Amelia Ga\u0142as \u2013 zaprezentowali koncepcj\u0119 wsp\u00f3\u0142czesnego miasta jako struktury wielowarstwowej, z\u0142o\u017conej z r\u00f3\u017cnorodnych styl\u00f3w \u017cycia, funkcji, grup spo\u0142ecznych i skal przestrzennych. W uj\u0119ciu&hellip;","_links":{"self":[{"href":"https:\/\/grawmetropolie.polsl.pl\/index.php\/wp-json\/wp\/v2\/posts\/778","targetHints":{"allow":["GET"]}}],"collection":[{"href":"https:\/\/grawmetropolie.polsl.pl\/index.php\/wp-json\/wp\/v2\/posts"}],"about":[{"href":"https:\/\/grawmetropolie.polsl.pl\/index.php\/wp-json\/wp\/v2\/types\/post"}],"author":[{"embeddable":true,"href":"https:\/\/grawmetropolie.polsl.pl\/index.php\/wp-json\/wp\/v2\/users\/1"}],"replies":[{"embeddable":true,"href":"https:\/\/grawmetropolie.polsl.pl\/index.php\/wp-json\/wp\/v2\/comments?post=778"}],"version-history":[{"count":1,"href":"https:\/\/grawmetropolie.polsl.pl\/index.php\/wp-json\/wp\/v2\/posts\/778\/revisions"}],"predecessor-version":[{"id":781,"href":"https:\/\/grawmetropolie.polsl.pl\/index.php\/wp-json\/wp\/v2\/posts\/778\/revisions\/781"}],"wp:attachment":[{"href":"https:\/\/grawmetropolie.polsl.pl\/index.php\/wp-json\/wp\/v2\/media?parent=778"}],"wp:term":[{"taxonomy":"category","embeddable":true,"href":"https:\/\/grawmetropolie.polsl.pl\/index.php\/wp-json\/wp\/v2\/categories?post=778"},{"taxonomy":"post_tag","embeddable":true,"href":"https:\/\/grawmetropolie.polsl.pl\/index.php\/wp-json\/wp\/v2\/tags?post=778"}],"curies":[{"name":"wp","href":"https:\/\/api.w.org\/{rel}","templated":true}]}}