{"id":458,"date":"2025-02-11T20:33:54","date_gmt":"2025-02-11T19:33:54","guid":{"rendered":"https:\/\/grawmetropolie.polsl.pl\/?p=458"},"modified":"2025-02-11T20:33:54","modified_gmt":"2025-02-11T19:33:54","slug":"publikacja-w-slazag","status":"publish","type":"post","link":"https:\/\/grawmetropolie.polsl.pl\/index.php\/publikacja-w-slazag\/","title":{"rendered":"Publikacja w \u015al\u0105zag"},"content":{"rendered":"\n<p><a href=\"https:\/\/www.slazag.pl\/prof-tomasz-bradecki-gra-w-metropolie\">https:\/\/www.slazag.pl\/prof-tomasz-bradecki-gra-w-metropolie<\/a><\/p>\n\n\n\n<h2 class=\"wp-block-heading\">Rozmowa z prof. P\u015a dr hab. in\u017c. arch. Tomaszem Bradeckim, dziekanem Wydzia\u0142u Architektury Politechniki \u015al\u0105skiej i przewodnicz\u0105cym grupy badawczej URBANMODEL, odpowiedzialnej za realizacj\u0119 \u201eGry w Osiedle\u201d i sfinalizowanie \u201eGry w Metropoli\u0119\u201d<\/h2>\n","protected":false},"excerpt":{"rendered":"<p>https:\/\/www.slazag.pl\/prof-tomasz-bradecki-gra-w-metropolie Rozmowa z prof. P\u015a dr hab. in\u017c. arch. Tomaszem Bradeckim, dziekanem Wydzia\u0142u Architektury Politechniki \u015al\u0105skiej i przewodnicz\u0105cym grupy badawczej URBANMODEL, odpowiedzialnej za realizacj\u0119 \u201eGry w Osiedle\u201d i sfinalizowanie \u201eGry w Metropoli\u0119\u201d<\/p>\n","protected":false},"author":1,"featured_media":0,"comment_status":"closed","ping_status":"","sticky":false,"template":"","format":"standard","meta":{"_eb_attr":"","_uag_custom_page_level_css":"","footnotes":""},"categories":[1],"tags":[],"class_list":["post-458","post","type-post","status-publish","format-standard","hentry","category-bez-kategorii"],"uagb_featured_image_src":{"full":false,"thumbnail":false,"medium":false,"medium_large":false,"large":false,"1536x1536":false,"2048x2048":false,"twentyseventeen-featured-image":false,"twentyseventeen-thumbnail-avatar":false},"uagb_author_info":{"display_name":"bradecki","author_link":"https:\/\/grawmetropolie.polsl.pl\/index.php\/author\/bradecki\/"},"uagb_comment_info":0,"uagb_excerpt":"https:\/\/www.slazag.pl\/prof-tomasz-bradecki-gra-w-metropolie Rozmowa z prof. P\u015a dr hab. in\u017c. arch. Tomaszem Bradeckim, dziekanem Wydzia\u0142u Architektury Politechniki \u015al\u0105skiej i przewodnicz\u0105cym grupy badawczej URBANMODEL, odpowiedzialnej za realizacj\u0119 \u201eGry w Osiedle\u201d i sfinalizowanie \u201eGry w Metropoli\u0119\u201d","_links":{"self":[{"href":"https:\/\/grawmetropolie.polsl.pl\/index.php\/wp-json\/wp\/v2\/posts\/458","targetHints":{"allow":["GET"]}}],"collection":[{"href":"https:\/\/grawmetropolie.polsl.pl\/index.php\/wp-json\/wp\/v2\/posts"}],"about":[{"href":"https:\/\/grawmetropolie.polsl.pl\/index.php\/wp-json\/wp\/v2\/types\/post"}],"author":[{"embeddable":true,"href":"https:\/\/grawmetropolie.polsl.pl\/index.php\/wp-json\/wp\/v2\/users\/1"}],"replies":[{"embeddable":true,"href":"https:\/\/grawmetropolie.polsl.pl\/index.php\/wp-json\/wp\/v2\/comments?post=458"}],"version-history":[{"count":1,"href":"https:\/\/grawmetropolie.polsl.pl\/index.php\/wp-json\/wp\/v2\/posts\/458\/revisions"}],"predecessor-version":[{"id":459,"href":"https:\/\/grawmetropolie.polsl.pl\/index.php\/wp-json\/wp\/v2\/posts\/458\/revisions\/459"}],"wp:attachment":[{"href":"https:\/\/grawmetropolie.polsl.pl\/index.php\/wp-json\/wp\/v2\/media?parent=458"}],"wp:term":[{"taxonomy":"category","embeddable":true,"href":"https:\/\/grawmetropolie.polsl.pl\/index.php\/wp-json\/wp\/v2\/categories?post=458"},{"taxonomy":"post_tag","embeddable":true,"href":"https:\/\/grawmetropolie.polsl.pl\/index.php\/wp-json\/wp\/v2\/tags?post=458"}],"curies":[{"name":"wp","href":"https:\/\/api.w.org\/{rel}","templated":true}]}}