{"id":448,"date":"2025-01-29T15:12:25","date_gmt":"2025-01-29T14:12:25","guid":{"rendered":"https:\/\/grawmetropolie.polsl.pl\/?p=448"},"modified":"2025-02-05T15:15:02","modified_gmt":"2025-02-05T14:15:02","slug":"dziekujemy-za-udzial-w-panelu-dyskusyjnym-podczas-4-design-days","status":"publish","type":"post","link":"https:\/\/grawmetropolie.polsl.pl\/index.php\/dziekujemy-za-udzial-w-panelu-dyskusyjnym-podczas-4-design-days\/","title":{"rendered":"Dzi\u0119kujemy za udzia\u0142 w panelu dyskusyjnym podczas 4 Design Days!"},"content":{"rendered":"\n<p>24 stycznia 2025 r. mieli\u015bmy przyjemno\u015b\u0107 uczestniczy\u0107 w inspiruj\u0105cej rozmowie na temat rozwoju miast i metropolii. Wraz z <strong>Przemys\u0142awem Jedleckim<\/strong> (<em>Gazeta Wyborcza<\/em>), <strong>dr hab. Adamem Polko, prof. UE<\/strong>, oraz <strong>Jackiem Wo\u017anikowskim<\/strong> (<em>Dyrektor Departamentu Rozwoju Spo\u0142eczno-Gospodarczego i Wsp\u00f3\u0142pracy<\/em>) omawiali\u015bmy kluczowe wyzwania i innowacyjne rozwi\u0105zania dla przysz\u0142o\u015bci urbanistyki. Panel poprowadzi\u0142 <strong>Tomasz Bradecki<\/strong>.<\/p>\n\n\n\n<p>Ogromne brawa dla cz\u0142onk\u00f3w <strong>Ko\u0142a Naukowego Urbanmodel<\/strong>.   Szczeg\u00f3ln\u0105 uwag\u0119 zwr\u00f3ci\u0142a prezentacja gry karcianej i planszowej <strong>&#8222;METROPOLI \u2013 gra w metropoli\u0119&#8221;<\/strong>, kt\u00f3ra spotka\u0142a si\u0119 z du\u017cym zainteresowaniem uczestnik\u00f3w wydarzenia.<\/p>\n\n\n\n<p>Dzi\u0119kujemy wszystkim za inspiruj\u0105ce rozmowy i wsp\u00f3lnie sp\u0119dzony czas! Do zobaczenia na kolejnych edycjach!<\/p>\n\n\n\n<figure class=\"wp-block-image size-large\"><img loading=\"lazy\" decoding=\"async\" width=\"1024\" height=\"473\" src=\"https:\/\/grawmetropolie.polsl.pl\/wp-content\/uploads\/2025\/02\/474997042_2391697574523195_1529609009277599384_n-1024x473.jpg\" alt=\"\" class=\"wp-image-450\" srcset=\"https:\/\/grawmetropolie.polsl.pl\/wp-content\/uploads\/2025\/02\/474997042_2391697574523195_1529609009277599384_n-1024x473.jpg 1024w, https:\/\/grawmetropolie.polsl.pl\/wp-content\/uploads\/2025\/02\/474997042_2391697574523195_1529609009277599384_n-300x139.jpg 300w, https:\/\/grawmetropolie.polsl.pl\/wp-content\/uploads\/2025\/02\/474997042_2391697574523195_1529609009277599384_n-768x355.jpg 768w, https:\/\/grawmetropolie.polsl.pl\/wp-content\/uploads\/2025\/02\/474997042_2391697574523195_1529609009277599384_n-1536x710.jpg 1536w, https:\/\/grawmetropolie.polsl.pl\/wp-content\/uploads\/2025\/02\/474997042_2391697574523195_1529609009277599384_n-2048x946.jpg 2048w\" sizes=\"auto, (max-width: 767px) 89vw, (max-width: 1000px) 54vw, (max-width: 1071px) 543px, 580px\" \/><\/figure>\n\n\n\n<figure class=\"wp-block-gallery has-nested-images columns-default is-cropped wp-block-gallery-1 is-layout-flex wp-block-gallery-is-layout-flex\">\n<figure class=\"wp-block-image size-large\"><img loading=\"lazy\" decoding=\"async\" width=\"1024\" height=\"467\" data-id=\"452\" src=\"https:\/\/grawmetropolie.polsl.pl\/wp-content\/uploads\/2025\/02\/474620149_2391628267863459_5137648835937186995_n-e1738764837698-1024x467.jpg\" alt=\"\" class=\"wp-image-452\" srcset=\"https:\/\/grawmetropolie.polsl.pl\/wp-content\/uploads\/2025\/02\/474620149_2391628267863459_5137648835937186995_n-e1738764837698-1024x467.jpg 1024w, https:\/\/grawmetropolie.polsl.pl\/wp-content\/uploads\/2025\/02\/474620149_2391628267863459_5137648835937186995_n-e1738764837698-300x137.jpg 300w, https:\/\/grawmetropolie.polsl.pl\/wp-content\/uploads\/2025\/02\/474620149_2391628267863459_5137648835937186995_n-e1738764837698-768x350.jpg 768w, https:\/\/grawmetropolie.polsl.pl\/wp-content\/uploads\/2025\/02\/474620149_2391628267863459_5137648835937186995_n-e1738764837698-1536x700.jpg 1536w, https:\/\/grawmetropolie.polsl.pl\/wp-content\/uploads\/2025\/02\/474620149_2391628267863459_5137648835937186995_n-e1738764837698.jpg 2000w\" sizes=\"auto, (max-width: 767px) 89vw, (max-width: 1000px) 54vw, (max-width: 1071px) 543px, 580px\" \/><\/figure>\n<\/figure>\n","protected":false},"excerpt":{"rendered":"<p>24 stycznia 2025 r. mieli\u015bmy przyjemno\u015b\u0107 uczestniczy\u0107 w inspiruj\u0105cej rozmowie na temat rozwoju miast i metropolii. Wraz z Przemys\u0142awem Jedleckim (Gazeta Wyborcza), dr hab. Adamem Polko, prof. UE, oraz Jackiem Wo\u017anikowskim (Dyrektor Departamentu Rozwoju Spo\u0142eczno-Gospodarczego i Wsp\u00f3\u0142pracy) omawiali\u015bmy kluczowe wyzwania i innowacyjne rozwi\u0105zania dla przysz\u0142o\u015bci urbanistyki. Panel poprowadzi\u0142 Tomasz Bradecki. Ogromne brawa dla cz\u0142onk\u00f3w Ko\u0142a &hellip; <\/p>\n<p class=\"link-more\"><a href=\"https:\/\/grawmetropolie.polsl.pl\/index.php\/dziekujemy-za-udzial-w-panelu-dyskusyjnym-podczas-4-design-days\/\" class=\"more-link\">Czytaj dalej<span class=\"screen-reader-text\"> \u201eDzi\u0119kujemy za udzia\u0142 w panelu dyskusyjnym podczas 4 Design Days!\u201d<\/span><\/a><\/p>\n","protected":false},"author":1,"featured_media":0,"comment_status":"closed","ping_status":"","sticky":false,"template":"","format":"standard","meta":{"_eb_attr":"","_uag_custom_page_level_css":"","footnotes":""},"categories":[1],"tags":[],"class_list":["post-448","post","type-post","status-publish","format-standard","hentry","category-bez-kategorii"],"uagb_featured_image_src":{"full":false,"thumbnail":false,"medium":false,"medium_large":false,"large":false,"1536x1536":false,"2048x2048":false,"twentyseventeen-featured-image":false,"twentyseventeen-thumbnail-avatar":false},"uagb_author_info":{"display_name":"bradecki","author_link":"https:\/\/grawmetropolie.polsl.pl\/index.php\/author\/bradecki\/"},"uagb_comment_info":0,"uagb_excerpt":"24 stycznia 2025 r. mieli\u015bmy przyjemno\u015b\u0107 uczestniczy\u0107 w inspiruj\u0105cej rozmowie na temat rozwoju miast i metropolii. Wraz z Przemys\u0142awem Jedleckim (Gazeta Wyborcza), dr hab. Adamem Polko, prof. UE, oraz Jackiem Wo\u017anikowskim (Dyrektor Departamentu Rozwoju Spo\u0142eczno-Gospodarczego i Wsp\u00f3\u0142pracy) omawiali\u015bmy kluczowe wyzwania i innowacyjne rozwi\u0105zania dla przysz\u0142o\u015bci urbanistyki. Panel poprowadzi\u0142 Tomasz Bradecki. Ogromne brawa dla cz\u0142onk\u00f3w Ko\u0142a&hellip;","_links":{"self":[{"href":"https:\/\/grawmetropolie.polsl.pl\/index.php\/wp-json\/wp\/v2\/posts\/448","targetHints":{"allow":["GET"]}}],"collection":[{"href":"https:\/\/grawmetropolie.polsl.pl\/index.php\/wp-json\/wp\/v2\/posts"}],"about":[{"href":"https:\/\/grawmetropolie.polsl.pl\/index.php\/wp-json\/wp\/v2\/types\/post"}],"author":[{"embeddable":true,"href":"https:\/\/grawmetropolie.polsl.pl\/index.php\/wp-json\/wp\/v2\/users\/1"}],"replies":[{"embeddable":true,"href":"https:\/\/grawmetropolie.polsl.pl\/index.php\/wp-json\/wp\/v2\/comments?post=448"}],"version-history":[{"count":2,"href":"https:\/\/grawmetropolie.polsl.pl\/index.php\/wp-json\/wp\/v2\/posts\/448\/revisions"}],"predecessor-version":[{"id":454,"href":"https:\/\/grawmetropolie.polsl.pl\/index.php\/wp-json\/wp\/v2\/posts\/448\/revisions\/454"}],"wp:attachment":[{"href":"https:\/\/grawmetropolie.polsl.pl\/index.php\/wp-json\/wp\/v2\/media?parent=448"}],"wp:term":[{"taxonomy":"category","embeddable":true,"href":"https:\/\/grawmetropolie.polsl.pl\/index.php\/wp-json\/wp\/v2\/categories?post=448"},{"taxonomy":"post_tag","embeddable":true,"href":"https:\/\/grawmetropolie.polsl.pl\/index.php\/wp-json\/wp\/v2\/tags?post=448"}],"curies":[{"name":"wp","href":"https:\/\/api.w.org\/{rel}","templated":true}]}}